{"id":185,"date":"2024-02-01T16:45:33","date_gmt":"2024-02-01T16:45:33","guid":{"rendered":"https:\/\/teste.netpitapro.com\/?p=185"},"modified":"2024-02-01T16:45:33","modified_gmt":"2024-02-01T16:45:33","slug":"transporte-de-criancas","status":"publish","type":"post","link":"https:\/\/teste.netpitapro.com\/index.php\/2024\/02\/01\/transporte-de-criancas\/","title":{"rendered":"Transporte de crian\u00e7as"},"content":{"rendered":"\n<h4 class=\"wp-block-heading\">Nos Autom\u00f3veis<\/h4>\n\n\n\n<p class=\"wp-block-paragraph\"><strong>\u00c9 proibido o transporte:<\/strong><\/p>\n\n\n\n<p class=\"wp-block-paragraph\">De crian\u00e7as com menos de 12 anos e de 1,35m, no banco da frente, exceto:<\/p>\n\n\n\n<ul class=\"wp-block-list\">\n<li>Se o ve\u00edculo n\u00e3o dispuser de cintos no banco de tr\u00e1s ou nem sequer tiver bancos e se o transporte se fizer utilizando sistema de reten\u00e7\u00e3o devidamente homologado e adaptado ao seu tamanho e peso.<\/li>\n\n\n\n<li>Se a crian\u00e7a tiver menos de 3 anos de idade, sendo necess\u00e1rio desativar o airbag frontal do lado do passageiro e utilizando o sistema de reten\u00e7\u00e3o orientado para a retaguarda.<\/li>\n<\/ul>\n\n\n\n<p class=\"wp-block-paragraph\"><strong>\u00c9 expressamente proibido o transporte de crian\u00e7as com sistema de reten\u00e7\u00e3o:<\/strong><\/p>\n\n\n\n<ul class=\"wp-block-list\">\n<li>No banco da frente, com menos de 3 anos de idade nos ve\u00edculos onde n\u00e3o seja poss\u00edvel a desativa\u00e7\u00e3o do airbag do lado do passageiro.<\/li>\n\n\n\n<li>No banco da frente, sempre que existir airbag lateral.<\/li>\n\n\n\n<li>Em qualquer dos bancos, se o ve\u00edculo n\u00e3o estiver equipado com cintos de seguran\u00e7a.<\/li>\n<\/ul>\n\n\n\n<h4 class=\"wp-block-heading\">Nos Motociclos, Triciclos, Quadriciclos e Ciclomotores<\/h4>\n\n\n\n<p class=\"wp-block-paragraph\">\u00c9 proibido transportar passageiros de idade inferior a 7 anos nos motociclos, triciclos, quadriciclos e ciclomotores, exceto se se tratar de ve\u00edculos providos de caixa r\u00edgida n\u00e3o destinada apenas ao transporte de carga.<\/p>\n\n\n\n<h4 class=\"wp-block-heading\">Nos Veloc\u00edpedes<\/h4>\n\n\n\n<p class=\"wp-block-paragraph\">No veloc\u00edpede \u00e9 permitido o transporte de crian\u00e7as de idade inferior a 7 anos, desde que seja feito em dispositivo especialmente adaptado para o efeito.<\/p>\n","protected":false},"excerpt":{"rendered":"<p>Nos Autom\u00f3veis \u00c9 proibido o transporte: De crian\u00e7as com menos de 12 anos e de 1,35m, no banco da frente,&hellip;<\/p>\n","protected":false},"author":1,"featured_media":186,"comment_status":"closed","ping_status":"closed","sticky":false,"template":"","format":"standard","meta":{"footnotes":""},"categories":[19],"tags":[],"class_list":["post-185","post","type-post","status-publish","format-standard","has-post-thumbnail","hentry","category-legislacao"],"_links":{"self":[{"href":"https:\/\/teste.netpitapro.com\/index.php\/wp-json\/wp\/v2\/posts\/185","targetHints":{"allow":["GET"]}}],"collection":[{"href":"https:\/\/teste.netpitapro.com\/index.php\/wp-json\/wp\/v2\/posts"}],"about":[{"href":"https:\/\/teste.netpitapro.com\/index.php\/wp-json\/wp\/v2\/types\/post"}],"author":[{"embeddable":true,"href":"https:\/\/teste.netpitapro.com\/index.php\/wp-json\/wp\/v2\/users\/1"}],"replies":[{"embeddable":true,"href":"https:\/\/teste.netpitapro.com\/index.php\/wp-json\/wp\/v2\/comments?post=185"}],"version-history":[{"count":0,"href":"https:\/\/teste.netpitapro.com\/index.php\/wp-json\/wp\/v2\/posts\/185\/revisions"}],"wp:featuredmedia":[{"embeddable":true,"href":"https:\/\/teste.netpitapro.com\/index.php\/wp-json\/wp\/v2\/media\/186"}],"wp:attachment":[{"href":"https:\/\/teste.netpitapro.com\/index.php\/wp-json\/wp\/v2\/media?parent=185"}],"wp:term":[{"taxonomy":"category","embeddable":true,"href":"https:\/\/teste.netpitapro.com\/index.php\/wp-json\/wp\/v2\/categories?post=185"},{"taxonomy":"post_tag","embeddable":true,"href":"https:\/\/teste.netpitapro.com\/index.php\/wp-json\/wp\/v2\/tags?post=185"}],"curies":[{"name":"wp","href":"https:\/\/api.w.org\/{rel}","templated":true}]}}